{"id":1720,"date":"2020-01-14T21:57:32","date_gmt":"2020-01-14T20:57:32","guid":{"rendered":"https:\/\/velo-utile.fr\/site\/?p=1720"},"modified":"2025-12-15T17:30:36","modified_gmt":"2025-12-15T16:30:36","slug":"cent-velos-sans-voiture-velo-utile-demenage","status":"publish","type":"post","link":"https:\/\/velo-utile.fr\/site\/2020\/01\/cent-velos-sans-voiture-velo-utile-demenage\/","title":{"rendered":"CENT VELOS &#8211; SANS VOITURE V\u00e9lo Utile d\u00e9m\u00e9nage ! (le 18 janvier \u00e0 partir de 14H)"},"content":{"rendered":"\n<p>Cher.e.s adh\u00e9rent.e.s et ami.e.s,<\/p>\n\n\n\n<p>L&rsquo;association V\u00e9lo Utile aime les d\u00e9fis et celui qui nous attend est jubilatoire&nbsp;!!!<\/p>\n\n\n\n<p>Nous allons d\u00e9m\u00e9nager notre atelier de rue du L\u00e9gu\u00e9 au 17 rue de Robien, \u00e0 v\u00e9lo.<\/p>\n\n\n\n<p><strong>Oui vous avez bien lu \u2013 A v\u00e9lo&nbsp;!!!<\/strong><\/p>\n\n\n\n<p>Pour cela, nous imaginons 100 cyclistes remontant les rues de St-Brieuc charg\u00e9s d&rsquo;outils, de pi\u00e8ces, de meubles&#8230;<\/p>\n\n\n\n<p>Tel un petit colibri si chacun prend un peu, en nombre nous pourrons tout porter \u00e0 la seule force de nos jambes et de notre joyeuse \u00e9nergie collective&#8230;<\/p>\n\n\n\n<p>L&rsquo;ensemble des v\u00e9los cargos et des remorques \u00e0 v\u00e9lo du territoire sont r\u00e9quisitionn\u00e9.e.s pour l&rsquo;occasion&nbsp;! Et si chacun.e charge sur son porte-bagage, dans ses sacoches ou son sac-\u00e0-dos, nous allons tous ensemble r\u00e9ussir ce joyeux d\u00e9fi.<\/p>\n\n\n\n<p>Un moment historique nous attend, alors rameutez vos ami.e.s, vos voisin.e.s, vos enfants, vos grands-m\u00e8res, vos grands-p\u00e8res, gonflez vos pneus et retrouvez-nous\u00a0<strong>samedi 18 janvier \u00e0 14h au 29 rue du l\u00e9gu\u00e9 pour le premier voyage!<\/strong><br><br>Pour des informations compl\u00e9mentaires, contactez-nous \u00e0\u00a0<a rel=\"noreferrer noopener\" href=\"mailto:contact@velo-utile.fr?subject=D%C3%A9m%C3%A9nagement%20de%20VU\" target=\"_blank\">contact@velo-utile.fr<\/a><\/p>\n\n\n\n<figure class=\"wp-block-image\"><img loading=\"lazy\" decoding=\"async\" width=\"566\" height=\"534\" src=\"https:\/\/velo-utile.fr\/site\/wp-content\/uploads\/2020\/01\/CAdemenageJANVIER2020.jpg\" alt=\"\" class=\"wp-image-1721\" srcset=\"https:\/\/velo-utile.fr\/site\/wp-content\/uploads\/2020\/01\/CAdemenageJANVIER2020.jpg 566w, https:\/\/velo-utile.fr\/site\/wp-content\/uploads\/2020\/01\/CAdemenageJANVIER2020-300x283.jpg 300w\" sizes=\"auto, (max-width: 566px) 100vw, 566px\" \/><\/figure>\n","protected":false},"excerpt":{"rendered":"<p>Cher.e.s adh\u00e9rent.e.s et ami.e.s, L&rsquo;association V\u00e9lo Utile aime les d\u00e9fis et celui qui nous attend est jubilatoire&nbsp;!!! Nous allons d\u00e9m\u00e9nager notre atelier de rue du L\u00e9gu\u00e9 au 17 rue de Robien, \u00e0 v\u00e9lo. Oui vous avez bien lu \u2013 A<\/p>\n","protected":false},"author":22,"featured_media":1721,"comment_status":"closed","ping_status":"closed","sticky":false,"template":"","format":"standard","meta":{"footnotes":""},"categories":[4,16],"tags":[],"class_list":["post-1720","post","type-post","status-publish","format-standard","has-post-thumbnail","hentry","category-atelier","category-vie-associative"],"_links":{"self":[{"href":"https:\/\/velo-utile.fr\/site\/wp-json\/wp\/v2\/posts\/1720","targetHints":{"allow":["GET"]}}],"collection":[{"href":"https:\/\/velo-utile.fr\/site\/wp-json\/wp\/v2\/posts"}],"about":[{"href":"https:\/\/velo-utile.fr\/site\/wp-json\/wp\/v2\/types\/post"}],"author":[{"embeddable":true,"href":"https:\/\/velo-utile.fr\/site\/wp-json\/wp\/v2\/users\/22"}],"replies":[{"embeddable":true,"href":"https:\/\/velo-utile.fr\/site\/wp-json\/wp\/v2\/comments?post=1720"}],"version-history":[{"count":2,"href":"https:\/\/velo-utile.fr\/site\/wp-json\/wp\/v2\/posts\/1720\/revisions"}],"predecessor-version":[{"id":1723,"href":"https:\/\/velo-utile.fr\/site\/wp-json\/wp\/v2\/posts\/1720\/revisions\/1723"}],"wp:featuredmedia":[{"embeddable":true,"href":"https:\/\/velo-utile.fr\/site\/wp-json\/wp\/v2\/media\/1721"}],"wp:attachment":[{"href":"https:\/\/velo-utile.fr\/site\/wp-json\/wp\/v2\/media?parent=1720"}],"wp:term":[{"taxonomy":"category","embeddable":true,"href":"https:\/\/velo-utile.fr\/site\/wp-json\/wp\/v2\/categories?post=1720"},{"taxonomy":"post_tag","embeddable":true,"href":"https:\/\/velo-utile.fr\/site\/wp-json\/wp\/v2\/tags?post=1720"}],"curies":[{"name":"wp","href":"https:\/\/api.w.org\/{rel}","templated":true}]}}