{"id":1716,"date":"2019-12-16T21:44:34","date_gmt":"2019-12-16T20:44:34","guid":{"rendered":"https:\/\/velo-utile.fr\/site\/?p=1716"},"modified":"2025-12-15T17:34:48","modified_gmt":"2025-12-15T16:34:48","slug":"rdv-samedi-21-decembre-a-15h-pour-une-action-la-lettre-au-pere-noel-de-velo-utile","status":"publish","type":"post","link":"https:\/\/velo-utile.fr\/site\/2019\/12\/rdv-samedi-21-decembre-a-15h-pour-une-action-la-lettre-au-pere-noel-de-velo-utile\/","title":{"rendered":"RDV Samedi 21 d\u00e9cembre \u00e0 15h pour une action \u00ab\u00a0La lettre au p\u00e8re No\u00ebl de V\u00e9lo Utile\u00a0\u00bb"},"content":{"rendered":"\n<figure class=\"wp-block-image\"><img loading=\"lazy\" decoding=\"async\" width=\"150\" height=\"150\" src=\"https:\/\/velo-utile.fr\/site\/wp-content\/uploads\/2019\/12\/lettre-pere-noel-2019-150x150.jpg\" alt=\"\" class=\"wp-image-1717\" srcset=\"https:\/\/velo-utile.fr\/site\/wp-content\/uploads\/2019\/12\/lettre-pere-noel-2019-150x150.jpg 150w, https:\/\/velo-utile.fr\/site\/wp-content\/uploads\/2019\/12\/lettre-pere-noel-2019-300x300.jpg 300w, https:\/\/velo-utile.fr\/site\/wp-content\/uploads\/2019\/12\/lettre-pere-noel-2019-100x100.jpg 100w, https:\/\/velo-utile.fr\/site\/wp-content\/uploads\/2019\/12\/lettre-pere-noel-2019-270x270.jpg 270w, https:\/\/velo-utile.fr\/site\/wp-content\/uploads\/2019\/12\/lettre-pere-noel-2019-230x230.jpg 230w\" sizes=\"auto, (max-width: 150px) 100vw, 150px\" \/><\/figure>\n\n\n\n<p>\nA V\u00e9lo Utile, on a aussi \u00e9crit une lettre au P\u00e8re No\u00ebl:<br><br><em>&nbsp;\u00ab\u00a0Cher\n P\u00e8re No\u00ebl, nous avons \u00e9t\u00e9 bien sages cette ann\u00e9e. On ne va pas te \ndemander grand chose, on aimerait simplement pouvoir marcher sur les \ntrottoirs et aussi rouler sur les pistes cyclables quand il y en a. \nC&rsquo;est dommage, il y a toujours des voitures gar\u00e9es dessus, on ne peut \nplus circuler en s\u00e9curit\u00e9 et cela nous oblige souvent \u00e0 nous mettre \u00e0 \ndanger.<br>\nAvec une poussette ou un fauteuil roulant, c&rsquo;est encore moins pratique et plus dangereux.<br>\nAlors, s&rsquo;il-vous-pla\u00eet, cher P\u00e8re No\u00ebl, ne pourriez-vous pas nous donner\n un coup de pouce et demander gentiment aux \u00e9tourdis de laisser ces \nespaces aux usagers les plus vuln\u00e9rables ?<br>\nMerci \u00e0 toi et bon courage pour ta tourn\u00e9e autour du monde !\u00a0\u00bb<\/em><br><br><strong>Retrouvons-nous<\/strong><strong> le samedi 21 d\u00e9cembre \u00e0 15h <\/strong><strong>pour une action pacifique et politique <\/strong><strong>\u00e0 l&rsquo;or\u00e9e de la <\/strong><strong>zone commerciale de Langueux,<\/strong><strong> apr\u00e8s le pont de la voie ferr\u00e9e <\/strong><strong>(jonction rue de la Fontenelle \/ rue Jules Verne).<\/strong><br><strong>Nous\n aurons pr\u00e9par\u00e9 notre belle lettre en pleins d&rsquo;exemplaires pour la \ndistribuer gentiment aux voitures mal gar\u00e9es et signaler \u00e0 nos \npolitiques que oui, la route \u00e7a se partage !<\/strong><br><strong>Dur\u00e9e de la distribution : 30 \u00e0 45 minutes.<\/strong><br><\/p>\n","protected":false},"excerpt":{"rendered":"<p>A V\u00e9lo Utile, on a aussi \u00e9crit une lettre au P\u00e8re No\u00ebl: &nbsp;\u00ab\u00a0Cher P\u00e8re No\u00ebl, nous avons \u00e9t\u00e9 bien sages cette ann\u00e9e. On ne va pas te demander grand chose, on aimerait simplement pouvoir marcher sur les trottoirs et aussi<\/p>\n","protected":false},"author":22,"featured_media":1717,"comment_status":"closed","ping_status":"closed","sticky":false,"template":"","format":"standard","meta":{"footnotes":""},"categories":[1],"tags":[],"class_list":["post-1716","post","type-post","status-publish","format-standard","has-post-thumbnail","hentry","category-non-classe"],"_links":{"self":[{"href":"https:\/\/velo-utile.fr\/site\/wp-json\/wp\/v2\/posts\/1716","targetHints":{"allow":["GET"]}}],"collection":[{"href":"https:\/\/velo-utile.fr\/site\/wp-json\/wp\/v2\/posts"}],"about":[{"href":"https:\/\/velo-utile.fr\/site\/wp-json\/wp\/v2\/types\/post"}],"author":[{"embeddable":true,"href":"https:\/\/velo-utile.fr\/site\/wp-json\/wp\/v2\/users\/22"}],"replies":[{"embeddable":true,"href":"https:\/\/velo-utile.fr\/site\/wp-json\/wp\/v2\/comments?post=1716"}],"version-history":[{"count":1,"href":"https:\/\/velo-utile.fr\/site\/wp-json\/wp\/v2\/posts\/1716\/revisions"}],"predecessor-version":[{"id":1718,"href":"https:\/\/velo-utile.fr\/site\/wp-json\/wp\/v2\/posts\/1716\/revisions\/1718"}],"wp:featuredmedia":[{"embeddable":true,"href":"https:\/\/velo-utile.fr\/site\/wp-json\/wp\/v2\/media\/1717"}],"wp:attachment":[{"href":"https:\/\/velo-utile.fr\/site\/wp-json\/wp\/v2\/media?parent=1716"}],"wp:term":[{"taxonomy":"category","embeddable":true,"href":"https:\/\/velo-utile.fr\/site\/wp-json\/wp\/v2\/categories?post=1716"},{"taxonomy":"post_tag","embeddable":true,"href":"https:\/\/velo-utile.fr\/site\/wp-json\/wp\/v2\/tags?post=1716"}],"curies":[{"name":"wp","href":"https:\/\/api.w.org\/{rel}","templated":true}]}}