{"id":171,"date":"2017-03-27T19:10:00","date_gmt":"2017-03-27T19:10:00","guid":{"rendered":"http:\/\/velo-utile.fr\/blog02\/index.php\/2017\/03\/27\/20170327rapport-activite-2016\/"},"modified":"2025-12-15T18:03:41","modified_gmt":"2025-12-15T17:03:41","slug":"20170327rapport-activite-2016","status":"publish","type":"post","link":"https:\/\/velo-utile.fr\/site\/2017\/03\/20170327rapport-activite-2016\/","title":{"rendered":"AG 2017 &#8211; le rapport d&rsquo;activit\u00e9 2016 bien accueilli"},"content":{"rendered":"<p><img loading=\"lazy\" decoding=\"async\" class=\"aligncenter wp-image-454\" src=\"https:\/\/velo-utile.fr\/site\/wp-content\/uploads\/import\/RapportAct2016.jpg\" alt=\"\" width=\"640\" height=\"452\" srcset=\"https:\/\/velo-utile.fr\/site\/wp-content\/uploads\/import\/RapportAct2016.jpg 1169w, https:\/\/velo-utile.fr\/site\/wp-content\/uploads\/import\/RapportAct2016-600x424.jpg 600w\" sizes=\"auto, (max-width: 640px) 100vw, 640px\" \/><\/p>\n<p>Nous vous proposons de t\u00e9l\u00e9charger <strong>le rapport d&rsquo;activit\u00e9 2016<\/strong> de l&rsquo;association pr\u00e9sent\u00e9 lors de l&rsquo; A.G. de Mars 2017 &gt; <a href=\"https:\/\/velo-utile.fr\/site\/wp-content\/uploads\/import\/RapportActivite2016AGmars2017.pdf\">Fichier en t\u00e9l\u00e9chargement sur ce lien en format PDF<\/a><\/p>\n","protected":false},"excerpt":{"rendered":"<p>Nous vous proposons de t\u00e9l\u00e9charger le rapport d&rsquo;activit\u00e9 2016 de l&rsquo;association  pr\u00e9sent\u00e9 lors de l&rsquo; A.G. de Mars 2017  > [Fichier en t\u00e9l\u00e9chargement sur ce lien|\/public\/PDF\/DivAsso\/RapportActivite2016AGmars2017.pdf|fr|RapportActivite2016AGmars2017.pdf] (format .pdf)<\/p>\n","protected":false},"author":22,"featured_media":454,"comment_status":"closed","ping_status":"closed","sticky":false,"template":"","format":"standard","meta":{"footnotes":""},"categories":[16],"tags":[],"class_list":["post-171","post","type-post","status-publish","format-standard","has-post-thumbnail","hentry","category-vie-associative"],"_links":{"self":[{"href":"https:\/\/velo-utile.fr\/site\/wp-json\/wp\/v2\/posts\/171","targetHints":{"allow":["GET"]}}],"collection":[{"href":"https:\/\/velo-utile.fr\/site\/wp-json\/wp\/v2\/posts"}],"about":[{"href":"https:\/\/velo-utile.fr\/site\/wp-json\/wp\/v2\/types\/post"}],"author":[{"embeddable":true,"href":"https:\/\/velo-utile.fr\/site\/wp-json\/wp\/v2\/users\/22"}],"replies":[{"embeddable":true,"href":"https:\/\/velo-utile.fr\/site\/wp-json\/wp\/v2\/comments?post=171"}],"version-history":[{"count":6,"href":"https:\/\/velo-utile.fr\/site\/wp-json\/wp\/v2\/posts\/171\/revisions"}],"predecessor-version":[{"id":677,"href":"https:\/\/velo-utile.fr\/site\/wp-json\/wp\/v2\/posts\/171\/revisions\/677"}],"wp:featuredmedia":[{"embeddable":true,"href":"https:\/\/velo-utile.fr\/site\/wp-json\/wp\/v2\/media\/454"}],"wp:attachment":[{"href":"https:\/\/velo-utile.fr\/site\/wp-json\/wp\/v2\/media?parent=171"}],"wp:term":[{"taxonomy":"category","embeddable":true,"href":"https:\/\/velo-utile.fr\/site\/wp-json\/wp\/v2\/categories?post=171"},{"taxonomy":"post_tag","embeddable":true,"href":"https:\/\/velo-utile.fr\/site\/wp-json\/wp\/v2\/tags?post=171"}],"curies":[{"name":"wp","href":"https:\/\/api.w.org\/{rel}","templated":true}]}}