{"id":16,"date":"2014-10-19T09:39:00","date_gmt":"2014-10-19T09:39:00","guid":{"rendered":"http:\/\/velo-utile.fr\/blog02\/index.php\/2014\/10\/19\/20141019amenagement-quelques-news\/"},"modified":"2026-01-05T13:58:19","modified_gmt":"2026-01-05T12:58:19","slug":"20141019amenagement-quelques-news","status":"publish","type":"post","link":"https:\/\/velo-utile.fr\/site\/2014\/10\/20141019amenagement-quelques-news\/","title":{"rendered":"Am\u00e9nagement"},"content":{"rendered":"\n<p>Quelques news concernant les \u00e9changes entre l&rsquo;association et \u00ab\u00a0l&rsquo;Agglo\u00a0\u00bb relatifs \u00e0 la rue St-Fran\u00e7ois et au PEM.<\/p>\n\n\n\n<figure class=\"wp-block-image aligncenter size-full\"><img loading=\"lazy\" decoding=\"async\" width=\"423\" height=\"383\" src=\"https:\/\/velo-utile.fr\/site\/wp-content\/uploads\/import\/RueStFrancois.jpg\" alt=\"\" class=\"wp-image-475\"\/><\/figure>\n\n\n\n<!--more-->\n\n\n\n<p>1) notre r\u00e9action au projet de d\u00e9placement du stationnement v\u00e9lo de la rue St Fran\u00e7ois <\/p>\n\n\n\n<div data-wp-interactive=\"core\/file\" class=\"wp-block-file\"><object data-wp-bind--hidden=\"!state.hasPdfPreview\" hidden class=\"wp-block-file__embed\" data=\"https:\/\/velo-utile.fr\/site\/wp-content\/uploads\/2014\/10\/2014oct10StationnementVeloRueStFrancois.pdf\" type=\"application\/pdf\" style=\"width:100%;height:600px\" aria-label=\"Contenu embarqu\u00e9 2014oct10StationnementVeloRueStFrancois.\"><\/object><a id=\"wp-block-file--media-254eb66b-f9d8-4a01-8ca0-00424d144543\" href=\"https:\/\/velo-utile.fr\/site\/wp-content\/uploads\/2014\/10\/2014oct10StationnementVeloRueStFrancois.pdf\">2014oct10StationnementVeloRueStFrancois<\/a><a href=\"https:\/\/velo-utile.fr\/site\/wp-content\/uploads\/2014\/10\/2014oct10StationnementVeloRueStFrancois.pdf\" class=\"wp-block-file__button wp-element-button\" download aria-describedby=\"wp-block-file--media-254eb66b-f9d8-4a01-8ca0-00424d144543\">T\u00e9l\u00e9charger<\/a><\/div>\n\n\n\n<p>2) la r\u00e9ponse de la ville\/agglo de St Brieuc suite \u00e0 notre courrier du 22 juillet 2014 <\/p>\n\n\n\n<div data-wp-interactive=\"core\/file\" class=\"wp-block-file\"><object data-wp-bind--hidden=\"!state.hasPdfPreview\" hidden class=\"wp-block-file__embed\" data=\"https:\/\/velo-utile.fr\/site\/wp-content\/uploads\/2014\/10\/2014oct9ReponseAggloSuiteCourrierPem22juillet2014.pdf\" type=\"application\/pdf\" style=\"width:100%;height:600px\" aria-label=\"Contenu embarqu\u00e9 2014oct9ReponseAggloSuiteCourrierPem22juillet2014.\"><\/object><a id=\"wp-block-file--media-e763a51a-b4af-4ea1-af3a-914e230d6cdb\" href=\"https:\/\/velo-utile.fr\/site\/wp-content\/uploads\/2014\/10\/2014oct9ReponseAggloSuiteCourrierPem22juillet2014.pdf\">2014oct9ReponseAggloSuiteCourrierPem22juillet2014<\/a><a href=\"https:\/\/velo-utile.fr\/site\/wp-content\/uploads\/2014\/10\/2014oct9ReponseAggloSuiteCourrierPem22juillet2014.pdf\" class=\"wp-block-file__button wp-element-button\" download aria-describedby=\"wp-block-file--media-e763a51a-b4af-4ea1-af3a-914e230d6cdb\">T\u00e9l\u00e9charger<\/a><\/div>\n","protected":false},"excerpt":{"rendered":"<p>__Quelques news__ concernant les \u00e9changes entre l&rsquo;association et \u00ab\u00a0l&rsquo;Agglo\u00a0\u00bb relatifs \u00e0 la rue St-Fran\u00e7ois et au PEM.<\/p>\n","protected":false},"author":4,"featured_media":0,"comment_status":"closed","ping_status":"closed","sticky":false,"template":"","format":"standard","meta":{"footnotes":""},"categories":[1],"tags":[],"class_list":["post-16","post","type-post","status-publish","format-standard","hentry","category-non-classe"],"_links":{"self":[{"href":"https:\/\/velo-utile.fr\/site\/wp-json\/wp\/v2\/posts\/16","targetHints":{"allow":["GET"]}}],"collection":[{"href":"https:\/\/velo-utile.fr\/site\/wp-json\/wp\/v2\/posts"}],"about":[{"href":"https:\/\/velo-utile.fr\/site\/wp-json\/wp\/v2\/types\/post"}],"author":[{"embeddable":true,"href":"https:\/\/velo-utile.fr\/site\/wp-json\/wp\/v2\/users\/4"}],"replies":[{"embeddable":true,"href":"https:\/\/velo-utile.fr\/site\/wp-json\/wp\/v2\/comments?post=16"}],"version-history":[{"count":2,"href":"https:\/\/velo-utile.fr\/site\/wp-json\/wp\/v2\/posts\/16\/revisions"}],"predecessor-version":[{"id":6274,"href":"https:\/\/velo-utile.fr\/site\/wp-json\/wp\/v2\/posts\/16\/revisions\/6274"}],"wp:attachment":[{"href":"https:\/\/velo-utile.fr\/site\/wp-json\/wp\/v2\/media?parent=16"}],"wp:term":[{"taxonomy":"category","embeddable":true,"href":"https:\/\/velo-utile.fr\/site\/wp-json\/wp\/v2\/categories?post=16"},{"taxonomy":"post_tag","embeddable":true,"href":"https:\/\/velo-utile.fr\/site\/wp-json\/wp\/v2\/tags?post=16"}],"curies":[{"name":"wp","href":"https:\/\/api.w.org\/{rel}","templated":true}]}}