{"id":15,"date":"2014-11-22T09:21:00","date_gmt":"2014-11-22T09:21:00","guid":{"rendered":"http:\/\/velo-utile.fr\/blog02\/index.php\/2014\/11\/22\/20141122teo-section-armor-cite\/"},"modified":"2026-01-05T11:47:39","modified_gmt":"2026-01-05T10:47:39","slug":"20141122teo-section-armor-cite","status":"publish","type":"post","link":"https:\/\/velo-utile.fr\/site\/2014\/11\/20141122teo-section-armor-cite\/","title":{"rendered":"TEO Section Armor Cit\u00e9, News nov. 2014"},"content":{"rendered":"\n<p>Un exemple du travail de la commission Am\u00e9nagement<\/p>\n\n\n\n<figure class=\"wp-block-image aligncenter size-medium\"><img loading=\"lazy\" decoding=\"async\" width=\"300\" height=\"200\" src=\"https:\/\/velo-utile.fr\/site\/wp-content\/uploads\/2014\/11\/image-300x200.png\" alt=\"\" class=\"wp-image-6257\" srcset=\"https:\/\/velo-utile.fr\/site\/wp-content\/uploads\/2014\/11\/image-300x200.png 300w, https:\/\/velo-utile.fr\/site\/wp-content\/uploads\/2014\/11\/image-768x511.png 768w, https:\/\/velo-utile.fr\/site\/wp-content\/uploads\/2014\/11\/image.png 1003w\" sizes=\"auto, (max-width: 300px) 100vw, 300px\" \/><\/figure>\n\n\n\n<p><br>Vous trouverez dans ce billet la copie des \u00e9changes relatifs \u00e0 TEO (format .PDF) entre V\u00e9lo-Utile et Saint-Brieuc Agglom\u00e9ration. <\/p>\n\n\n\n<!--more-->\n\n\n\n<div data-wp-interactive=\"core\/file\" class=\"wp-block-file\"><object data-wp-bind--hidden=\"!state.hasPdfPreview\" hidden class=\"wp-block-file__embed\" data=\"https:\/\/velo-utile.fr\/site\/wp-content\/uploads\/2014\/11\/2014novTeoSectionArmorCiteCourrierPourAgglo.pdf\" type=\"application\/pdf\" style=\"width:100%;height:600px\" aria-label=\"Contenu embarqu\u00e9 2014novTeoSectionArmorCiteCourrierPourAgglo.\"><\/object><a id=\"wp-block-file--media-dcc5c518-3ffc-4895-9a50-ab3284711150\" href=\"https:\/\/velo-utile.fr\/site\/wp-content\/uploads\/2014\/11\/2014novTeoSectionArmorCiteCourrierPourAgglo.pdf\">2014novTeoSectionArmorCiteCourrierPourAgglo<\/a><a href=\"https:\/\/velo-utile.fr\/site\/wp-content\/uploads\/2014\/11\/2014novTeoSectionArmorCiteCourrierPourAgglo.pdf\" class=\"wp-block-file__button wp-element-button\" download aria-describedby=\"wp-block-file--media-dcc5c518-3ffc-4895-9a50-ab3284711150\">T\u00e9l\u00e9charger<\/a><\/div>\n\n\n\n<div data-wp-interactive=\"core\/file\" class=\"wp-block-file\"><object data-wp-bind--hidden=\"!state.hasPdfPreview\" hidden class=\"wp-block-file__embed\" data=\"https:\/\/velo-utile.fr\/site\/wp-content\/uploads\/2014\/11\/2014novTeoSectionArmorCiteRepAgglo.pdf\" type=\"application\/pdf\" style=\"width:100%;height:600px\" aria-label=\"Contenu embarqu\u00e9 2014novTeoSectionArmorCiteRepAgglo.\"><\/object><a id=\"wp-block-file--media-337850e7-b846-4e08-b304-5c276d637e22\" href=\"https:\/\/velo-utile.fr\/site\/wp-content\/uploads\/2014\/11\/2014novTeoSectionArmorCiteRepAgglo.pdf\">2014novTeoSectionArmorCiteRepAgglo<\/a><a href=\"https:\/\/velo-utile.fr\/site\/wp-content\/uploads\/2014\/11\/2014novTeoSectionArmorCiteRepAgglo.pdf\" class=\"wp-block-file__button wp-element-button\" download aria-describedby=\"wp-block-file--media-337850e7-b846-4e08-b304-5c276d637e22\">T\u00e9l\u00e9charger<\/a><\/div>\n","protected":false},"excerpt":{"rendered":"<p>Un exemple du travail de la commission Am\u00e9nagement<\/p>\n","protected":false},"author":4,"featured_media":0,"comment_status":"closed","ping_status":"closed","sticky":false,"template":"","format":"standard","meta":{"footnotes":""},"categories":[2],"tags":[],"class_list":["post-15","post","type-post","status-publish","format-standard","hentry","category-commission-amenagement"],"_links":{"self":[{"href":"https:\/\/velo-utile.fr\/site\/wp-json\/wp\/v2\/posts\/15","targetHints":{"allow":["GET"]}}],"collection":[{"href":"https:\/\/velo-utile.fr\/site\/wp-json\/wp\/v2\/posts"}],"about":[{"href":"https:\/\/velo-utile.fr\/site\/wp-json\/wp\/v2\/types\/post"}],"author":[{"embeddable":true,"href":"https:\/\/velo-utile.fr\/site\/wp-json\/wp\/v2\/users\/4"}],"replies":[{"embeddable":true,"href":"https:\/\/velo-utile.fr\/site\/wp-json\/wp\/v2\/comments?post=15"}],"version-history":[{"count":2,"href":"https:\/\/velo-utile.fr\/site\/wp-json\/wp\/v2\/posts\/15\/revisions"}],"predecessor-version":[{"id":6258,"href":"https:\/\/velo-utile.fr\/site\/wp-json\/wp\/v2\/posts\/15\/revisions\/6258"}],"wp:attachment":[{"href":"https:\/\/velo-utile.fr\/site\/wp-json\/wp\/v2\/media?parent=15"}],"wp:term":[{"taxonomy":"category","embeddable":true,"href":"https:\/\/velo-utile.fr\/site\/wp-json\/wp\/v2\/categories?post=15"},{"taxonomy":"post_tag","embeddable":true,"href":"https:\/\/velo-utile.fr\/site\/wp-json\/wp\/v2\/tags?post=15"}],"curies":[{"name":"wp","href":"https:\/\/api.w.org\/{rel}","templated":true}]}}