{"id":148,"date":"2016-01-09T09:32:00","date_gmt":"2016-01-09T09:32:00","guid":{"rendered":"http:\/\/velo-utile.fr\/blog02\/index.php\/2016\/01\/09\/20160109velo-utile-sur-france-inter\/"},"modified":"2025-12-30T16:22:19","modified_gmt":"2025-12-30T15:22:19","slug":"20160109velo-utile-sur-france-inter","status":"publish","type":"post","link":"https:\/\/velo-utile.fr\/site\/2016\/01\/20160109velo-utile-sur-france-inter\/","title":{"rendered":"V\u00e9lo-Utile sur France-Inter!"},"content":{"rendered":"\n<div class=\"wp-block-group alignfull is-content-justification-center is-nowrap is-layout-flex wp-container-core-group-is-layout-23441af8 wp-block-group-is-layout-flex\">\n<p>Herv\u00e9 POCHON,<\/p>\n\n\n\n<figure class=\"wp-block-image size-full\"><img loading=\"lazy\" decoding=\"async\" width=\"383\" height=\"221\" src=\"https:\/\/velo-utile.fr\/site\/wp-content\/uploads\/2016\/01\/image.png\" alt=\"\" class=\"wp-image-6116\" srcset=\"https:\/\/velo-utile.fr\/site\/wp-content\/uploads\/2016\/01\/image.png 383w, https:\/\/velo-utile.fr\/site\/wp-content\/uploads\/2016\/01\/image-300x173.png 300w\" sizes=\"auto, (max-width: 383px) 100vw, 383px\" \/><\/figure>\n<\/div>\n\n\n\n<p> le trublion de France-Inter avec sa Chronique \u00ab\u00a0<a href=\"https:\/\/www.radiofrance.fr\/franceinter\/podcasts\/un-temps-de-pauchon\" data-type=\"link\" data-id=\"https:\/\/www.radiofrance.fr\/franceinter\/podcasts\/un-temps-de-pauchon\" target=\"_blank\" rel=\"noreferrer noopener\">Un temps de Pauchon<\/a>\u00a0\u00bb \u00e9tait \u00e0 Saint-Brieuc en juin pour une \u00ab\u00a0prise de son\u00a0\u00bb. La chronique vient d\u2019\u00eatre diffus\u00e9e le 24 d\u00e9cembre 2015, elle est consacr\u00e9e \u00e0 v\u00e9lo-Utile avec Jean et la Disco-Soupe!<\/p>\n\n\n\n<!--more-->\n\n\n\n<p><br>La chronique en question est intitul\u00e9e \u00ab\u00a0\u00ab <strong>Tout est \u00e0 titre gratuit<\/strong> \u00bb \u00a0\u00bb et vous pouvez la r\u00e9\u00e9couter sur le lien <a href=\"https:\/\/www.radiofrance.fr\/franceinter\/podcasts\/un-temps-de-pauchon\/tout-est-a-titre-gratuit-4321907\" target=\"_blank\" rel=\"noreferrer noopener\">https:\/\/www.radiofrance.fr\/franceinter\/podcasts\/un-temps-de-pauchon\/tout-est-a-titre-gratuit-4321907<\/a><\/p>\n\n\n\n<figure class=\"wp-block-image aligncenter size-full\"><img loading=\"lazy\" decoding=\"async\" width=\"570\" height=\"551\" src=\"https:\/\/velo-utile.fr\/site\/wp-content\/uploads\/import\/FranceInter_UnTempsDePauchoJean.jpeg\" alt=\"\" class=\"wp-image-385\"\/><\/figure>\n","protected":false},"excerpt":{"rendered":"<p>Herv\u00e9 POCHON, le trublion de France-Inter avec sa Chronique \u00ab\u00a0[Un temps de Pauchon|http:\/\/www.franceinter.fr\/player\/reecouter?play=1193705|fr|www.franceinter.fr\/player]\u00a0\u00bb \u00e9tait \u00e0 St-brieuc en juin pour une \u00ab\u00a0prise de son\u00a0\u00bb.La chronique vient d\u2019\u00eatre diffus\u00e9e le 24 d\u00e9cembre 2015, elle est consacr\u00e9e \u00e0 v\u00e9lo-Utile avec Jean et la Disco-Soupe!<\/p>\n","protected":false},"author":22,"featured_media":0,"comment_status":"closed","ping_status":"closed","sticky":false,"template":"","format":"standard","meta":{"footnotes":""},"categories":[71],"tags":[],"class_list":["post-148","post","type-post","status-publish","format-standard","hentry","category-presse"],"_links":{"self":[{"href":"https:\/\/velo-utile.fr\/site\/wp-json\/wp\/v2\/posts\/148","targetHints":{"allow":["GET"]}}],"collection":[{"href":"https:\/\/velo-utile.fr\/site\/wp-json\/wp\/v2\/posts"}],"about":[{"href":"https:\/\/velo-utile.fr\/site\/wp-json\/wp\/v2\/types\/post"}],"author":[{"embeddable":true,"href":"https:\/\/velo-utile.fr\/site\/wp-json\/wp\/v2\/users\/22"}],"replies":[{"embeddable":true,"href":"https:\/\/velo-utile.fr\/site\/wp-json\/wp\/v2\/comments?post=148"}],"version-history":[{"count":2,"href":"https:\/\/velo-utile.fr\/site\/wp-json\/wp\/v2\/posts\/148\/revisions"}],"predecessor-version":[{"id":6117,"href":"https:\/\/velo-utile.fr\/site\/wp-json\/wp\/v2\/posts\/148\/revisions\/6117"}],"wp:attachment":[{"href":"https:\/\/velo-utile.fr\/site\/wp-json\/wp\/v2\/media?parent=148"}],"wp:term":[{"taxonomy":"category","embeddable":true,"href":"https:\/\/velo-utile.fr\/site\/wp-json\/wp\/v2\/categories?post=148"},{"taxonomy":"post_tag","embeddable":true,"href":"https:\/\/velo-utile.fr\/site\/wp-json\/wp\/v2\/tags?post=148"}],"curies":[{"name":"wp","href":"https:\/\/api.w.org\/{rel}","templated":true}]}}