{"id":134,"date":"2014-11-15T07:22:00","date_gmt":"2014-11-15T07:22:00","guid":{"rendered":"http:\/\/velo-utile.fr\/blog02\/index.php\/2014\/11\/15\/20141115la-premiere-piste-cyclable-solaire-installee-aux-pays-bas2\/"},"modified":"2026-01-05T12:00:32","modified_gmt":"2026-01-05T11:00:32","slug":"20141115la-premiere-piste-cyclable-solaire-installee-aux-pays-bas2","status":"publish","type":"post","link":"https:\/\/velo-utile.fr\/site\/2014\/11\/20141115la-premiere-piste-cyclable-solaire-installee-aux-pays-bas2\/","title":{"rendered":"La premi\u00e8re piste cyclable solaire install\u00e9e aux Pays-Bas"},"content":{"rendered":"\n<p>Nov 2014, avec toujours un temps d\u2019avance sur les innovations en mati\u00e8re de deux-roues, les N\u00e9erlandais p\u00e9dalent sur la premi\u00e8re piste cyclable solaire du monde. Cette route construite avec des panneaux solaires a l\u2019avantage d\u2019\u00eatre rentable au long terme.<br><br><\/p>\n\n\n\n<!--more-->\n\n\n\n<p><br><a href=\"https:\/\/www.youtube.com\/watch?v=QFD3RLjohN4\" target=\"_blank\" rel=\"noreferrer noopener\">video YouTube <\/a><\/p>\n","protected":false},"excerpt":{"rendered":"<p>Nov 2014, avec toujours un temps d\u2019avance sur les innovations en mati\u00e8re de deux-roues, les N\u00e9erlandais p\u00e9dalent sur la premi\u00e8re piste cyclable solaire du monde. Cette route construite avec des panneaux solaires a l\u2019avantage d\u2019\u00eatre rentable au long terme.<\/p>\n","protected":false},"author":4,"featured_media":0,"comment_status":"closed","ping_status":"closed","sticky":false,"template":"","format":"standard","meta":{"footnotes":""},"categories":[1],"tags":[],"class_list":["post-134","post","type-post","status-publish","format-standard","hentry","category-non-classe"],"_links":{"self":[{"href":"https:\/\/velo-utile.fr\/site\/wp-json\/wp\/v2\/posts\/134","targetHints":{"allow":["GET"]}}],"collection":[{"href":"https:\/\/velo-utile.fr\/site\/wp-json\/wp\/v2\/posts"}],"about":[{"href":"https:\/\/velo-utile.fr\/site\/wp-json\/wp\/v2\/types\/post"}],"author":[{"embeddable":true,"href":"https:\/\/velo-utile.fr\/site\/wp-json\/wp\/v2\/users\/4"}],"replies":[{"embeddable":true,"href":"https:\/\/velo-utile.fr\/site\/wp-json\/wp\/v2\/comments?post=134"}],"version-history":[{"count":2,"href":"https:\/\/velo-utile.fr\/site\/wp-json\/wp\/v2\/posts\/134\/revisions"}],"predecessor-version":[{"id":6262,"href":"https:\/\/velo-utile.fr\/site\/wp-json\/wp\/v2\/posts\/134\/revisions\/6262"}],"wp:attachment":[{"href":"https:\/\/velo-utile.fr\/site\/wp-json\/wp\/v2\/media?parent=134"}],"wp:term":[{"taxonomy":"category","embeddable":true,"href":"https:\/\/velo-utile.fr\/site\/wp-json\/wp\/v2\/categories?post=134"},{"taxonomy":"post_tag","embeddable":true,"href":"https:\/\/velo-utile.fr\/site\/wp-json\/wp\/v2\/tags?post=134"}],"curies":[{"name":"wp","href":"https:\/\/api.w.org\/{rel}","templated":true}]}}