{"id":1254,"date":"2018-09-21T07:28:50","date_gmt":"2018-09-21T05:28:50","guid":{"rendered":"https:\/\/velo-utile.fr\/site\/?p=1254"},"modified":"2025-12-15T17:56:23","modified_gmt":"2025-12-15T16:56:23","slug":"21-09-2018-preparation-du-forum-du-voyage-a-velo-changement-de-lieu","status":"publish","type":"post","link":"https:\/\/velo-utile.fr\/site\/2018\/09\/21-09-2018-preparation-du-forum-du-voyage-a-velo-changement-de-lieu\/","title":{"rendered":"21\/09\/2018 Pr\u00e9paration du Forum du voyage \u00e0 v\u00e9lo (changement de lieu)"},"content":{"rendered":"<p>Il est de retour! Le 4\u00e8me forum du voyage \u00e0 v\u00e9lo de V\u00e9lo Utile aura lieu au mois de mars 2019 au lyc\u00e9e Sacr\u00e9 C\u0153ur de Saint-Brieuc.<br \/>\nPour commencer \u00e0 r\u00e9fl\u00e9chir \u00e0 son organisation, venez-vous joindre \u00e0 nous lors d&rsquo;un moment convivial<strong> au restaurant Caramel et Cie le vendredi 21 septembre \u00e0 partir de 20h. <\/strong><br \/>\n<em>3, bd Carnot, Saint-Brieuc<\/em><\/p>\n<p><em><img loading=\"lazy\" decoding=\"async\" class=\"size-full wp-image-1255 alignnone\" src=\"https:\/\/velo-utile.fr\/site\/wp-content\/uploads\/2018\/09\/cetc.jpg\" alt=\"\" width=\"600\" height=\"338\" srcset=\"https:\/\/velo-utile.fr\/site\/wp-content\/uploads\/2018\/09\/cetc.jpg 600w, https:\/\/velo-utile.fr\/site\/wp-content\/uploads\/2018\/09\/cetc-300x169.jpg 300w\" sizes=\"auto, (max-width: 600px) 100vw, 600px\" \/><\/em><\/p>\n","protected":false},"excerpt":{"rendered":"<p>Il est de retour! Le 4\u00e8me forum du voyage \u00e0 v\u00e9lo de V\u00e9lo Utile aura lieu au mois de mars 2019 au lyc\u00e9e Sacr\u00e9 C\u0153ur de Saint-Brieuc. Pour commencer \u00e0 r\u00e9fl\u00e9chir \u00e0 son organisation, venez-vous joindre \u00e0 nous lors d&rsquo;un<\/p>\n","protected":false},"author":22,"featured_media":1255,"comment_status":"closed","ping_status":"closed","sticky":false,"template":"","format":"standard","meta":{"footnotes":""},"categories":[15],"tags":[],"class_list":["post-1254","post","type-post","status-publish","format-standard","has-post-thumbnail","hentry","category-forum-osez-partir"],"_links":{"self":[{"href":"https:\/\/velo-utile.fr\/site\/wp-json\/wp\/v2\/posts\/1254","targetHints":{"allow":["GET"]}}],"collection":[{"href":"https:\/\/velo-utile.fr\/site\/wp-json\/wp\/v2\/posts"}],"about":[{"href":"https:\/\/velo-utile.fr\/site\/wp-json\/wp\/v2\/types\/post"}],"author":[{"embeddable":true,"href":"https:\/\/velo-utile.fr\/site\/wp-json\/wp\/v2\/users\/22"}],"replies":[{"embeddable":true,"href":"https:\/\/velo-utile.fr\/site\/wp-json\/wp\/v2\/comments?post=1254"}],"version-history":[{"count":2,"href":"https:\/\/velo-utile.fr\/site\/wp-json\/wp\/v2\/posts\/1254\/revisions"}],"predecessor-version":[{"id":1663,"href":"https:\/\/velo-utile.fr\/site\/wp-json\/wp\/v2\/posts\/1254\/revisions\/1663"}],"wp:featuredmedia":[{"embeddable":true,"href":"https:\/\/velo-utile.fr\/site\/wp-json\/wp\/v2\/media\/1255"}],"wp:attachment":[{"href":"https:\/\/velo-utile.fr\/site\/wp-json\/wp\/v2\/media?parent=1254"}],"wp:term":[{"taxonomy":"category","embeddable":true,"href":"https:\/\/velo-utile.fr\/site\/wp-json\/wp\/v2\/categories?post=1254"},{"taxonomy":"post_tag","embeddable":true,"href":"https:\/\/velo-utile.fr\/site\/wp-json\/wp\/v2\/tags?post=1254"}],"curies":[{"name":"wp","href":"https:\/\/api.w.org\/{rel}","templated":true}]}}