{"id":125,"date":"2014-03-16T13:57:00","date_gmt":"2014-03-16T13:57:00","guid":{"rendered":"http:\/\/velo-utile.fr\/blog02\/index.php\/2014\/03\/16\/20140316grand-prix-des-velos-de-ville-2014\/"},"modified":"2026-01-06T10:34:38","modified_gmt":"2026-01-06T09:34:38","slug":"20140316grand-prix-des-velos-de-ville-2014","status":"publish","type":"post","link":"https:\/\/velo-utile.fr\/site\/2014\/03\/20140316grand-prix-des-velos-de-ville-2014\/","title":{"rendered":"Grand Prix des V\u00e9los de Ville 2014"},"content":{"rendered":"\n<p>Le Grand Prix des V\u00e9los de Ville, organis\u00e9, depuis 2004 par le Comit\u00e9 de Promotion du V\u00e9lo a \u00e9t\u00e9 d\u00e9cern\u00e9 au Salon du Cycle de Paris 2013<br> <iframe loading=\"lazy\" src=\"\/\/www.youtube.com\/embed\/8y6ta0R_URI\" width=\"560\" height=\"315\" frameborder=\"0\" allowfullscreen=\"allowfullscreen\"><\/iframe> \/\/\/<\/p>\n\n\n\n<!--more-->\n","protected":false},"excerpt":{"rendered":"<p>Le Grand Prix des V\u00e9los de Ville, organis\u00e9, depuis 2004 par le Comit\u00e9 de Promotion du V\u00e9lo a \u00e9t\u00e9 d\u00e9cern\u00e9 au Salon du Cycle de Paris 2013<\/p>\n","protected":false},"author":4,"featured_media":0,"comment_status":"closed","ping_status":"closed","sticky":false,"template":"","format":"standard","meta":{"footnotes":""},"categories":[1],"tags":[],"class_list":["post-125","post","type-post","status-publish","format-standard","hentry","category-non-classe"],"_links":{"self":[{"href":"https:\/\/velo-utile.fr\/site\/wp-json\/wp\/v2\/posts\/125","targetHints":{"allow":["GET"]}}],"collection":[{"href":"https:\/\/velo-utile.fr\/site\/wp-json\/wp\/v2\/posts"}],"about":[{"href":"https:\/\/velo-utile.fr\/site\/wp-json\/wp\/v2\/types\/post"}],"author":[{"embeddable":true,"href":"https:\/\/velo-utile.fr\/site\/wp-json\/wp\/v2\/users\/4"}],"replies":[{"embeddable":true,"href":"https:\/\/velo-utile.fr\/site\/wp-json\/wp\/v2\/comments?post=125"}],"version-history":[{"count":2,"href":"https:\/\/velo-utile.fr\/site\/wp-json\/wp\/v2\/posts\/125\/revisions"}],"predecessor-version":[{"id":6389,"href":"https:\/\/velo-utile.fr\/site\/wp-json\/wp\/v2\/posts\/125\/revisions\/6389"}],"wp:attachment":[{"href":"https:\/\/velo-utile.fr\/site\/wp-json\/wp\/v2\/media?parent=125"}],"wp:term":[{"taxonomy":"category","embeddable":true,"href":"https:\/\/velo-utile.fr\/site\/wp-json\/wp\/v2\/categories?post=125"},{"taxonomy":"post_tag","embeddable":true,"href":"https:\/\/velo-utile.fr\/site\/wp-json\/wp\/v2\/tags?post=125"}],"curies":[{"name":"wp","href":"https:\/\/api.w.org\/{rel}","templated":true}]}}