{"id":1245,"date":"2018-09-18T18:34:19","date_gmt":"2018-09-18T16:34:19","guid":{"rendered":"https:\/\/velo-utile.fr\/site\/?p=1245"},"modified":"2025-12-15T17:56:48","modified_gmt":"2025-12-15T16:56:48","slug":"rencontre-avec-des-representants-de-lagglo-ce-jeudi-20-sept","status":"publish","type":"post","link":"https:\/\/velo-utile.fr\/site\/2018\/09\/rencontre-avec-des-representants-de-lagglo-ce-jeudi-20-sept\/","title":{"rendered":"Rencontre avec  des repr\u00e9sentants de l&rsquo;agglo ce jeudi 20 sept!"},"content":{"rendered":"<p>Adh\u00e9rent*es et sympathisant*es V\u00e9lo Utile, nous avons besoin de vous !<\/p>\n<p>Chers adh\u00e9rent*es, chers sympathisant*es,<\/p>\n<p>des responsables de l&rsquo;association&nbsp; \u00e0 17h au sujet de l&rsquo;am\u00e9nagement cyclable du carrefour Garnier\/Carnot (photo ci-dessus), point sensible pour les cyclistes briochins. Afin de montrer que les d\u00e9placements \u00e0 v\u00e9lo et la s\u00e9curit\u00e9 des cyclistes sont un sujet majeur \u00e0 Saint-Brieuc, nous invitons (<a href=\"https:\/\/www.facebook.com\/events\/295919684335020\/?active_tab=about\">lien vers \u00e9v\u00e9nelent facebook<\/a>)&nbsp; donc tous les adh\u00e9rent*es qui le peuvent et le souhaitent \u00e0 nous rejoindre \u00e0 ce <strong>rendez-vous, sur place \u00e0 16h45<\/strong>. N&rsquo;h\u00e9sitez pas \u00e0 venir en couple, entre amis ou m\u00eame en famille afin d&rsquo;offrir un aper\u00e7u de la diversit\u00e9 des usagers de la bicyclette en ville !<\/p>\n<p><strong>Plus nous seront nombreux, plus cela sera efficace et moins les pouvoirs publics pourront continuer \u00e0 nous rel\u00e9guer au second plan.<\/strong><\/p>\n<p>Nous comptons sur vous et vous donnons donc rendez-vous <strong>ce jeudi \u00e0 16h45<\/strong> ! La ville est plus belle \u00e0 v\u00e9lo !<br \/>\nLe CA de V\u00e9lo Utile<\/p>\n<p><img loading=\"lazy\" decoding=\"async\" class=\"alignleft size-full wp-image-1250\" src=\"https:\/\/velo-utile.fr\/site\/wp-content\/uploads\/2018\/09\/EcoutezLesUsagersVELO-1.jpg\" alt=\"\" width=\"575\" height=\"387\" srcset=\"https:\/\/velo-utile.fr\/site\/wp-content\/uploads\/2018\/09\/EcoutezLesUsagersVELO-1.jpg 575w, https:\/\/velo-utile.fr\/site\/wp-content\/uploads\/2018\/09\/EcoutezLesUsagersVELO-1-300x202.jpg 300w\" sizes=\"auto, (max-width: 575px) 100vw, 575px\" \/><\/p>\n","protected":false},"excerpt":{"rendered":"<p>Adh\u00e9rent*es et sympathisant*es V\u00e9lo Utile, nous avons besoin de vous ! Chers adh\u00e9rent*es, chers sympathisant*es, des responsables de l&rsquo;association&nbsp; \u00e0 17h au sujet de l&rsquo;am\u00e9nagement cyclable du carrefour Garnier\/Carnot (photo ci-dessus), point sensible pour les cyclistes briochins. Afin de montrer<\/p>\n","protected":false},"author":22,"featured_media":1250,"comment_status":"closed","ping_status":"closed","sticky":false,"template":"","format":"standard","meta":{"footnotes":""},"categories":[2],"tags":[],"class_list":["post-1245","post","type-post","status-publish","format-standard","has-post-thumbnail","hentry","category-commission-amenagement"],"_links":{"self":[{"href":"https:\/\/velo-utile.fr\/site\/wp-json\/wp\/v2\/posts\/1245","targetHints":{"allow":["GET"]}}],"collection":[{"href":"https:\/\/velo-utile.fr\/site\/wp-json\/wp\/v2\/posts"}],"about":[{"href":"https:\/\/velo-utile.fr\/site\/wp-json\/wp\/v2\/types\/post"}],"author":[{"embeddable":true,"href":"https:\/\/velo-utile.fr\/site\/wp-json\/wp\/v2\/users\/22"}],"replies":[{"embeddable":true,"href":"https:\/\/velo-utile.fr\/site\/wp-json\/wp\/v2\/comments?post=1245"}],"version-history":[{"count":6,"href":"https:\/\/velo-utile.fr\/site\/wp-json\/wp\/v2\/posts\/1245\/revisions"}],"predecessor-version":[{"id":1664,"href":"https:\/\/velo-utile.fr\/site\/wp-json\/wp\/v2\/posts\/1245\/revisions\/1664"}],"wp:featuredmedia":[{"embeddable":true,"href":"https:\/\/velo-utile.fr\/site\/wp-json\/wp\/v2\/media\/1250"}],"wp:attachment":[{"href":"https:\/\/velo-utile.fr\/site\/wp-json\/wp\/v2\/media?parent=1245"}],"wp:term":[{"taxonomy":"category","embeddable":true,"href":"https:\/\/velo-utile.fr\/site\/wp-json\/wp\/v2\/categories?post=1245"},{"taxonomy":"post_tag","embeddable":true,"href":"https:\/\/velo-utile.fr\/site\/wp-json\/wp\/v2\/tags?post=1245"}],"curies":[{"name":"wp","href":"https:\/\/api.w.org\/{rel}","templated":true}]}}