{"id":1240,"date":"2018-09-19T13:14:34","date_gmt":"2018-09-19T11:14:34","guid":{"rendered":"https:\/\/velo-utile.fr\/site\/?p=1240"},"modified":"2025-12-15T17:56:35","modified_gmt":"2025-12-15T16:56:35","slug":"le-ptit-tour-de-saint-brieuc","status":"publish","type":"post","link":"https:\/\/velo-utile.fr\/site\/2018\/09\/le-ptit-tour-de-saint-brieuc\/","title":{"rendered":"Le P&rsquo;tit Tour de Saint-Brieuc"},"content":{"rendered":"<ul>\n<li><em><strong>Dimanche 23 septembre<\/strong><\/em><\/li>\n<\/ul>\n<p>Dans le cadre de l\u2019\u00e9v\u00e9nement \u00ab\u00a0LE P&rsquo;TIT TOUR DE SAINT-BRIEUC \u00bb, nous recherchons des b\u00e9n\u00e9voles pour l\u2019atelier \u00ab\u00a0gonflage, petites r\u00e9parations de derni\u00e8re minute \u00bb. Accessible \u00e0 tous, vous n&rsquo;avez pas besoin d&rsquo;\u00eatre un pro de la m\u00e9canique v\u00e9lo, la majorit\u00e9 des r\u00e9parations consistant \u00e0 des gonflages de pneus et des r\u00e9glages de casques!<\/p>\n<p>Deux tranches horaires, de 8h \u00e0 10h et de 10h \u00e0 12h:<br \/>\nInscrivez-vous \u00e0 cette <a href=\"contact@velo-utile.fr\">adresse mail<\/a><\/p>\n<p>C&rsquo;est au Parc des Promenades, parcours cycliste \u00e0 allure mod\u00e9r\u00e9e, r\u00e9serv\u00e9 aux enfants de 3 \u00e0 10 ans, le dimanche 23 septembre au matin.<\/p>\n<p>Merci.<\/p>\n","protected":false},"excerpt":{"rendered":"<p>Dimanche 23 septembre Dans le cadre de l\u2019\u00e9v\u00e9nement \u00ab\u00a0LE P&rsquo;TIT TOUR DE SAINT-BRIEUC \u00bb, nous recherchons des b\u00e9n\u00e9voles pour l\u2019atelier \u00ab\u00a0gonflage, petites r\u00e9parations de derni\u00e8re minute \u00bb. Accessible \u00e0 tous, vous n&rsquo;avez pas besoin d&rsquo;\u00eatre un pro de la m\u00e9canique<\/p>\n","protected":false},"author":22,"featured_media":1241,"comment_status":"closed","ping_status":"closed","sticky":false,"template":"","format":"standard","meta":{"footnotes":""},"categories":[65],"tags":[],"class_list":["post-1240","post","type-post","status-publish","format-standard","has-post-thumbnail","hentry","category-animations"],"_links":{"self":[{"href":"https:\/\/velo-utile.fr\/site\/wp-json\/wp\/v2\/posts\/1240","targetHints":{"allow":["GET"]}}],"collection":[{"href":"https:\/\/velo-utile.fr\/site\/wp-json\/wp\/v2\/posts"}],"about":[{"href":"https:\/\/velo-utile.fr\/site\/wp-json\/wp\/v2\/types\/post"}],"author":[{"embeddable":true,"href":"https:\/\/velo-utile.fr\/site\/wp-json\/wp\/v2\/users\/22"}],"replies":[{"embeddable":true,"href":"https:\/\/velo-utile.fr\/site\/wp-json\/wp\/v2\/comments?post=1240"}],"version-history":[{"count":2,"href":"https:\/\/velo-utile.fr\/site\/wp-json\/wp\/v2\/posts\/1240\/revisions"}],"predecessor-version":[{"id":1243,"href":"https:\/\/velo-utile.fr\/site\/wp-json\/wp\/v2\/posts\/1240\/revisions\/1243"}],"wp:featuredmedia":[{"embeddable":true,"href":"https:\/\/velo-utile.fr\/site\/wp-json\/wp\/v2\/media\/1241"}],"wp:attachment":[{"href":"https:\/\/velo-utile.fr\/site\/wp-json\/wp\/v2\/media?parent=1240"}],"wp:term":[{"taxonomy":"category","embeddable":true,"href":"https:\/\/velo-utile.fr\/site\/wp-json\/wp\/v2\/categories?post=1240"},{"taxonomy":"post_tag","embeddable":true,"href":"https:\/\/velo-utile.fr\/site\/wp-json\/wp\/v2\/tags?post=1240"}],"curies":[{"name":"wp","href":"https:\/\/api.w.org\/{rel}","templated":true}]}}