{"id":1236,"date":"2018-08-29T22:00:56","date_gmt":"2018-08-29T20:00:56","guid":{"rendered":"https:\/\/velo-utile.fr\/site\/?p=1236"},"modified":"2025-12-15T17:57:06","modified_gmt":"2025-12-15T16:57:06","slug":"rdv-sur-le-stand-de-velo-utile-au-forum-des-assos","status":"publish","type":"post","link":"https:\/\/velo-utile.fr\/site\/2018\/08\/rdv-sur-le-stand-de-velo-utile-au-forum-des-assos\/","title":{"rendered":"RDV sur le stand de V\u00e9lo-Utile au forum des assos!"},"content":{"rendered":"<p>Du nouveau cette ann\u00e9e, avec la possibilit\u00e9 de vous essayer, de tester des v\u00e9los de transport ou cargo-bikes!<\/p>\n<p>Toutes les infos relatives au forum 2018 des assos sur le <a href=\"http:\/\/www.saint-brieuc.fr\/pages-speciales\/autres\/detail-des-evts-agendas\/?no_cache=1&amp;tx_ttnews%5BbackPid%5D=6&amp;tx_ttnews%5Btt_news%5D=7761&amp;cHash=fff9165df0996c2693eae91cfbfbdffc\">site de la mairie<\/a>!<\/p>\n<p>&nbsp;<\/p>\n<p><img loading=\"lazy\" decoding=\"async\" class=\"alignleft size-full wp-image-1237\" src=\"https:\/\/velo-utile.fr\/site\/wp-content\/uploads\/2018\/08\/forum_assos-2018.jpg\" alt=\"\" width=\"799\" height=\"533\" srcset=\"https:\/\/velo-utile.fr\/site\/wp-content\/uploads\/2018\/08\/forum_assos-2018.jpg 799w, https:\/\/velo-utile.fr\/site\/wp-content\/uploads\/2018\/08\/forum_assos-2018-600x400.jpg 600w, https:\/\/velo-utile.fr\/site\/wp-content\/uploads\/2018\/08\/forum_assos-2018-300x200.jpg 300w, https:\/\/velo-utile.fr\/site\/wp-content\/uploads\/2018\/08\/forum_assos-2018-768x512.jpg 768w\" sizes=\"auto, (max-width: 799px) 100vw, 799px\" \/><\/p>\n","protected":false},"excerpt":{"rendered":"<p>Du nouveau cette ann\u00e9e, avec la possibilit\u00e9 de vous essayer, de tester des v\u00e9los de transport ou cargo-bikes! Toutes les infos relatives au forum 2018 des assos sur le site de la mairie! &nbsp;<\/p>\n","protected":false},"author":22,"featured_media":1237,"comment_status":"closed","ping_status":"closed","sticky":false,"template":"","format":"standard","meta":{"footnotes":""},"categories":[16],"tags":[],"class_list":["post-1236","post","type-post","status-publish","format-standard","has-post-thumbnail","hentry","category-vie-associative"],"_links":{"self":[{"href":"https:\/\/velo-utile.fr\/site\/wp-json\/wp\/v2\/posts\/1236","targetHints":{"allow":["GET"]}}],"collection":[{"href":"https:\/\/velo-utile.fr\/site\/wp-json\/wp\/v2\/posts"}],"about":[{"href":"https:\/\/velo-utile.fr\/site\/wp-json\/wp\/v2\/types\/post"}],"author":[{"embeddable":true,"href":"https:\/\/velo-utile.fr\/site\/wp-json\/wp\/v2\/users\/22"}],"replies":[{"embeddable":true,"href":"https:\/\/velo-utile.fr\/site\/wp-json\/wp\/v2\/comments?post=1236"}],"version-history":[{"count":2,"href":"https:\/\/velo-utile.fr\/site\/wp-json\/wp\/v2\/posts\/1236\/revisions"}],"predecessor-version":[{"id":1665,"href":"https:\/\/velo-utile.fr\/site\/wp-json\/wp\/v2\/posts\/1236\/revisions\/1665"}],"wp:featuredmedia":[{"embeddable":true,"href":"https:\/\/velo-utile.fr\/site\/wp-json\/wp\/v2\/media\/1237"}],"wp:attachment":[{"href":"https:\/\/velo-utile.fr\/site\/wp-json\/wp\/v2\/media?parent=1236"}],"wp:term":[{"taxonomy":"category","embeddable":true,"href":"https:\/\/velo-utile.fr\/site\/wp-json\/wp\/v2\/categories?post=1236"},{"taxonomy":"post_tag","embeddable":true,"href":"https:\/\/velo-utile.fr\/site\/wp-json\/wp\/v2\/tags?post=1236"}],"curies":[{"name":"wp","href":"https:\/\/api.w.org\/{rel}","templated":true}]}}