{"id":122,"date":"2016-03-26T08:35:00","date_gmt":"2016-03-26T08:35:00","guid":{"rendered":"http:\/\/velo-utile.fr\/blog02\/index.php\/2016\/03\/26\/20160326ccaptation-sonore-a-l-atelier\/"},"modified":"2025-12-30T15:30:49","modified_gmt":"2025-12-30T14:30:49","slug":"20160326ccaptation-sonore-a-l-atelier","status":"publish","type":"post","link":"https:\/\/velo-utile.fr\/site\/2016\/03\/20160326ccaptation-sonore-a-l-atelier\/","title":{"rendered":"Captation sonore \u00e0 l&rsquo;Atelier!"},"content":{"rendered":"\n<p>Christine et Guillaume sont venus nous rencontrer il y a quelques mois et ont r\u00e9alis\u00e9 une magnifique captation sonore._<\/p>\n\n\n\n<p>Ils se d\u00e9finissent comme \u00e7a : \u00ab\u00a0Nous sommes de purs amateurs : du son, oui, mais pas seulement&#8230;.des relations humaines aussi, des rencontres impromptues (mais qui font sens)&#8230;\u00a0\u00bb <\/p>\n\n\n\n<figure class=\"wp-block-image aligncenter size-full\"><img loading=\"lazy\" decoding=\"async\" width=\"567\" height=\"533\" src=\"https:\/\/velo-utile.fr\/site\/wp-content\/uploads\/import\/CaptationAudioAtelier.jpg\" alt=\"\" class=\"wp-image-346\"\/><\/figure>\n\n\n\n<p>Alors prenez le temps, calez vous dans votre canap\u00e9 et profitez ! (cliquez sur \u00ab\u00a0lire la suite\u00a0\u00bb pour acc\u00e9der aux plages sonores\u00a0\u00bb)<\/p>\n\n\n\n<!--more-->\n\n\n\n<p>D&rsquo;une mani\u00e8re plus g\u00e9n\u00e9rale, nous aimons beaucoup de choses : les jardins, les trains, les livres, le cin\u00e9ma (celui d&rsquo;Agn\u00e8s Varda, de Nani Moretti, de Claude Sautet, mais pas seulement&#8230;), la musique, la presse, la radio (publique !), et les chats !&#8230;. La rencontre avec V\u00e9lo Utile constitue sans conteste un de ces beaux hasards<\/p>\n\n\n\n<p>Mode d&#8217;emploi pour le Soundcloud: pour acc\u00e9der aux diff\u00e9rentes plages des \u00ab\u00a0captations sonores\u00a0\u00bb, vous pouvez faire coulisser le toboggan vertical de haut en bas et cliquer sur la plage choisie. <iframe loading=\"lazy\" src=\"https:\/\/w.soundcloud.com\/player\/?url=https%3A\/\/api.soundcloud.com\/playlists\/207646072&amp;auto_play=false&amp;hide_related=false&amp;show_comments=true&amp;show_user=true&amp;show_reposts=false&amp;visual=true\" width=\"100%\" height=\"450\" frameborder=\"no\" scrolling=\"no\"><\/iframe> \/\/\/<\/p>\n","protected":false},"excerpt":{"rendered":"<p>__Christine et Guillaume sont venus nous rencontrer il y a quelques mois et ont r\u00e9alis\u00e9 une magnifique captation sonore.__%%%!!!Ils se d\u00e9finissent comme \u00e7a : \u00ab\u00a0Nous sommes de purs amateurs : du son, oui, mais pas seulement&#8230;.des relations humaines aussi, des rencontres impromptues (mais qui font sens)&#8230;\u00a0\u00bb > Alors prenez le temps, calez vous dans votre canap\u00e9 et profitez ! (cliquez sur \u00ab\u00a0lire la suite\u00a0\u00bb pour acc\u00e9der aux plages sonores\u00a0\u00bb)<\/p>\n","protected":false},"author":22,"featured_media":0,"comment_status":"closed","ping_status":"closed","sticky":false,"template":"","format":"standard","meta":{"footnotes":""},"categories":[65],"tags":[],"class_list":["post-122","post","type-post","status-publish","format-standard","hentry","category-animations"],"_links":{"self":[{"href":"https:\/\/velo-utile.fr\/site\/wp-json\/wp\/v2\/posts\/122","targetHints":{"allow":["GET"]}}],"collection":[{"href":"https:\/\/velo-utile.fr\/site\/wp-json\/wp\/v2\/posts"}],"about":[{"href":"https:\/\/velo-utile.fr\/site\/wp-json\/wp\/v2\/types\/post"}],"author":[{"embeddable":true,"href":"https:\/\/velo-utile.fr\/site\/wp-json\/wp\/v2\/users\/22"}],"replies":[{"embeddable":true,"href":"https:\/\/velo-utile.fr\/site\/wp-json\/wp\/v2\/comments?post=122"}],"version-history":[{"count":2,"href":"https:\/\/velo-utile.fr\/site\/wp-json\/wp\/v2\/posts\/122\/revisions"}],"predecessor-version":[{"id":6102,"href":"https:\/\/velo-utile.fr\/site\/wp-json\/wp\/v2\/posts\/122\/revisions\/6102"}],"wp:attachment":[{"href":"https:\/\/velo-utile.fr\/site\/wp-json\/wp\/v2\/media?parent=122"}],"wp:term":[{"taxonomy":"category","embeddable":true,"href":"https:\/\/velo-utile.fr\/site\/wp-json\/wp\/v2\/categories?post=122"},{"taxonomy":"post_tag","embeddable":true,"href":"https:\/\/velo-utile.fr\/site\/wp-json\/wp\/v2\/tags?post=122"}],"curies":[{"name":"wp","href":"https:\/\/api.w.org\/{rel}","templated":true}]}}