{"id":12,"date":"2014-03-17T17:09:00","date_gmt":"2014-03-17T17:09:00","guid":{"rendered":"http:\/\/velo-utile.fr\/blog02\/index.php\/2014\/03\/17\/20140317communique-de-presse\/"},"modified":"2026-02-09T16:30:48","modified_gmt":"2026-02-09T15:30:48","slug":"20140317communique-de-presse","status":"publish","type":"post","link":"https:\/\/velo-utile.fr\/site\/2014\/03\/20140317communique-de-presse\/","title":{"rendered":"Communiqu\u00e9 de Presse"},"content":{"rendered":"\n<p>V\u00e9lo uTiLe interpelle les candidats aux \u00e9lections municipales 2014 de l&rsquo;agglom\u00e9ration briochine.<br><\/p>\n\n\n\n<!--more-->\n\n\n\n<p>Communiqu\u00e9 de presse <\/p>\n\n\n\n<div data-wp-interactive=\"core\/file\" class=\"wp-block-file\"><object data-wp-bind--hidden=\"!state.hasPdfPreview\" hidden class=\"wp-block-file__embed\" data=\"https:\/\/velo-utile.fr\/site\/wp-content\/uploads\/import\/2014_03_16_Communique_de_presse_Velo_utile_interpelle_les_candidats.pdf\" type=\"application\/pdf\" style=\"width:100%;height:600px\" aria-label=\"Contenu embarqu\u00e9 2014_03_16_Communique_de_presse_Velo_utile_interpelle_les_candidats.\"><\/object><a id=\"wp-block-file--media-9dbb02d6-b92e-4daa-b94f-653f9e057a52\" href=\"https:\/\/velo-utile.fr\/site\/wp-content\/uploads\/import\/2014_03_16_Communique_de_presse_Velo_utile_interpelle_les_candidats.pdf\">2014_03_16_Communique_de_presse_Velo_utile_interpelle_les_candidats<\/a><a href=\"https:\/\/velo-utile.fr\/site\/wp-content\/uploads\/import\/2014_03_16_Communique_de_presse_Velo_utile_interpelle_les_candidats.pdf\" class=\"wp-block-file__button wp-element-button\" download aria-describedby=\"wp-block-file--media-9dbb02d6-b92e-4daa-b94f-653f9e057a52\">T\u00e9l\u00e9charger<\/a><\/div>\n\n\n\n<div data-wp-interactive=\"core\/file\" class=\"wp-block-file\"><object data-wp-bind--hidden=\"!state.hasPdfPreview\" hidden class=\"wp-block-file__embed\" data=\"https:\/\/velo-utile.fr\/site\/wp-content\/uploads\/import\/2014_elections_municipales_VU_utile_interpelle_candidats.pdf\" type=\"application\/pdf\" style=\"width:100%;height:600px\" aria-label=\"Contenu embarqu\u00e9 2014_elections_municipales_VU_utile_interpelle_candidats.\"><\/object><a id=\"wp-block-file--media-790e9c17-a157-43d8-89ea-650cb74fd07d\" href=\"https:\/\/velo-utile.fr\/site\/wp-content\/uploads\/import\/2014_elections_municipales_VU_utile_interpelle_candidats.pdf\">2014_elections_municipales_VU_utile_interpelle_candidats<\/a><a href=\"https:\/\/velo-utile.fr\/site\/wp-content\/uploads\/import\/2014_elections_municipales_VU_utile_interpelle_candidats.pdf\" class=\"wp-block-file__button wp-element-button\" download aria-describedby=\"wp-block-file--media-790e9c17-a157-43d8-89ea-650cb74fd07d\">T\u00e9l\u00e9charger<\/a><\/div>\n\n\n\n<p>Motiv\u00e9s par diff\u00e9rentes raisons, les usagers du v\u00e9lo sont de plus en plus nombreux \u00e0 circuler en ville et sur l&rsquo;agglom\u00e9ration. Cependant, le premier frein exprim\u00e9 \u00e0 l&rsquo;usage du v\u00e9lo est le sentiment d&rsquo;ins\u00e9curit\u00e9 routi\u00e8re. Le r\u00e9sultat du sondage men\u00e9 par V\u00e9lo uTiLe en 2013 est r\u00e9v\u00e9lateur de la place insuffisante laiss\u00e9e au v\u00e9lo sur l&rsquo;agglom\u00e9ration briochine. Dans le cadre des \u00e9lections municipales de mars 2014, V\u00e9lo uTiLe a adress\u00e9 un courrier \u00e0 l&rsquo;ensemble des candidats sur l&rsquo;agglom\u00e9ration briochine. Convaincue que \u00ab l&rsquo;avenir passe par le v\u00e9lo en toute s\u00e9curit\u00e9 \u00bb, l&rsquo;association a souhait\u00e9 interroger les candidats sur : <br>\u2212 les objectifs fix\u00e9s en terme de d\u00e9placements \u00e0 v\u00e9lo, <br>\u2212 les moyens qui seront mis en \u0153uvre pour respecter ces objectifs, <br>\u2212 la mani\u00e8re d&rsquo;am\u00e9liorer le sentiment de s\u00e9curit\u00e9 des usagers du v\u00e9lo.<\/p>\n\n\n\n<p> V\u00e9lo uTiLe en toute ind\u00e9pendance publie les r\u00e9ponses des candidats dans leur int\u00e9gralit\u00e9 et sans commentaires sur un site internet d\u00e9di\u00e9 ( http:\/\/sitevu22000.free.fr\/VuMiniSiteElection\/accueil.html Retrouvez toutes les r\u00e9ponses re\u00e7ues.)<\/p>\n","protected":false},"excerpt":{"rendered":"<p>V\u00e9lo uTiLe interpelle les candidats aux \u00e9lections municipales 2014 de l&rsquo;agglom\u00e9ration briochine.<\/p>\n","protected":false},"author":4,"featured_media":0,"comment_status":"closed","ping_status":"closed","sticky":false,"template":"","format":"standard","meta":{"footnotes":""},"categories":[71],"tags":[],"class_list":["post-12","post","type-post","status-publish","format-standard","hentry","category-presse"],"_links":{"self":[{"href":"https:\/\/velo-utile.fr\/site\/wp-json\/wp\/v2\/posts\/12","targetHints":{"allow":["GET"]}}],"collection":[{"href":"https:\/\/velo-utile.fr\/site\/wp-json\/wp\/v2\/posts"}],"about":[{"href":"https:\/\/velo-utile.fr\/site\/wp-json\/wp\/v2\/types\/post"}],"author":[{"embeddable":true,"href":"https:\/\/velo-utile.fr\/site\/wp-json\/wp\/v2\/users\/4"}],"replies":[{"embeddable":true,"href":"https:\/\/velo-utile.fr\/site\/wp-json\/wp\/v2\/comments?post=12"}],"version-history":[{"count":1,"href":"https:\/\/velo-utile.fr\/site\/wp-json\/wp\/v2\/posts\/12\/revisions"}],"predecessor-version":[{"id":6386,"href":"https:\/\/velo-utile.fr\/site\/wp-json\/wp\/v2\/posts\/12\/revisions\/6386"}],"wp:attachment":[{"href":"https:\/\/velo-utile.fr\/site\/wp-json\/wp\/v2\/media?parent=12"}],"wp:term":[{"taxonomy":"category","embeddable":true,"href":"https:\/\/velo-utile.fr\/site\/wp-json\/wp\/v2\/categories?post=12"},{"taxonomy":"post_tag","embeddable":true,"href":"https:\/\/velo-utile.fr\/site\/wp-json\/wp\/v2\/tags?post=12"}],"curies":[{"name":"wp","href":"https:\/\/api.w.org\/{rel}","templated":true}]}}