{"id":1144,"date":"2018-05-27T17:23:32","date_gmt":"2018-05-27T15:23:32","guid":{"rendered":"https:\/\/velo-utile.fr\/site\/?p=1144"},"modified":"2025-12-15T18:02:06","modified_gmt":"2025-12-15T17:02:06","slug":"grande-fete-champetre-du-velo","status":"publish","type":"post","link":"https:\/\/velo-utile.fr\/site\/2018\/05\/grande-fete-champetre-du-velo\/","title":{"rendered":"Grande F\u00eate Champ\u00eatre du V\u00e9lo"},"content":{"rendered":"<p><strong>3 Juin 2018 (12h-18h) \u2013 Jardin Carm\u00e9lie \u00e0 St-Brieuc (entr\u00e9e gratuite)<\/strong><\/p>\n<ul>\n<li>Rando-familiale accompagn\u00e9e depuis les communes de l\u2019agglom\u00e9ration \u00e0 destination du Jardin Carm\u00e9lie &#8211; Trajets\/d\u00e9parts pour les v\u00e9los-bus \u00e0 destination du Jardin Carm\u00e9lie, <a href=\"http:\/\/umap.openstreetmap.fr\/fr\/map\/velobus-pour-la-villa-carmelie_211629#13\/48.5137\/-2.7577\">CLIQUEZ SUR CE LIEN<\/a> pour visualiser les parcours<\/li>\n<li>Pique-nique, profitez du cadre magnifique du Jardin Carm\u00e9lie pour pique-niquer en famille<\/li>\n<li>Concerts<\/li>\n<li>Studio photo, <a href=\"http:\/\/loeildepaco.fr\/\">L\u2019Oeil de Paco<\/a> vous attend pour vous tirer le portait, seul ou en famille. Un souvenir inoubliable<\/li>\n<li>D\u00e9couverte des v\u00e9los de transport (v\u00e9lo-cargo), l\u2019essayer c\u2019est peut-\u00eatre l\u2019adopter<\/li>\n<\/ul>\n<p>Cette grande F\u00eate Champ\u00eatre du V\u00e9lo est organis\u00e9e pour conclurele\u00a0 <a href=\"https:\/\/velo-utile.fr\/a-velo-au-boulot\/\">Challenge A V\u00e9lo Au Boulot<\/a><img loading=\"lazy\" decoding=\"async\" class=\"alignleft size-full wp-image-1145\" src=\"https:\/\/velo-utile.fr\/site\/wp-content\/uploads\/2018\/05\/GrandeFeteChampetreVelo3juin2018.jpg\" alt=\"\" width=\"563\" height=\"810\" srcset=\"https:\/\/velo-utile.fr\/site\/wp-content\/uploads\/2018\/05\/GrandeFeteChampetreVelo3juin2018.jpg 563w, https:\/\/velo-utile.fr\/site\/wp-content\/uploads\/2018\/05\/GrandeFeteChampetreVelo3juin2018-209x300.jpg 209w\" sizes=\"auto, (max-width: 563px) 100vw, 563px\" \/><\/p>\n","protected":false},"excerpt":{"rendered":"<p>3 Juin 2018 (12h-18h) \u2013 Jardin Carm\u00e9lie \u00e0 St-Brieuc (entr\u00e9e gratuite) Rando-familiale accompagn\u00e9e depuis les communes de l\u2019agglom\u00e9ration \u00e0 destination du Jardin Carm\u00e9lie &#8211; Trajets\/d\u00e9parts pour les v\u00e9los-bus \u00e0 destination du Jardin Carm\u00e9lie, CLIQUEZ SUR CE LIEN pour visualiser les<\/p>\n","protected":false},"author":22,"featured_media":1145,"comment_status":"closed","ping_status":"closed","sticky":false,"template":"","format":"standard","meta":{"footnotes":""},"categories":[20],"tags":[],"class_list":["post-1144","post","type-post","status-publish","format-standard","has-post-thumbnail","hentry","category-challenge-a-velo-au-boulot"],"_links":{"self":[{"href":"https:\/\/velo-utile.fr\/site\/wp-json\/wp\/v2\/posts\/1144","targetHints":{"allow":["GET"]}}],"collection":[{"href":"https:\/\/velo-utile.fr\/site\/wp-json\/wp\/v2\/posts"}],"about":[{"href":"https:\/\/velo-utile.fr\/site\/wp-json\/wp\/v2\/types\/post"}],"author":[{"embeddable":true,"href":"https:\/\/velo-utile.fr\/site\/wp-json\/wp\/v2\/users\/22"}],"replies":[{"embeddable":true,"href":"https:\/\/velo-utile.fr\/site\/wp-json\/wp\/v2\/comments?post=1144"}],"version-history":[{"count":5,"href":"https:\/\/velo-utile.fr\/site\/wp-json\/wp\/v2\/posts\/1144\/revisions"}],"predecessor-version":[{"id":1150,"href":"https:\/\/velo-utile.fr\/site\/wp-json\/wp\/v2\/posts\/1144\/revisions\/1150"}],"wp:featuredmedia":[{"embeddable":true,"href":"https:\/\/velo-utile.fr\/site\/wp-json\/wp\/v2\/media\/1145"}],"wp:attachment":[{"href":"https:\/\/velo-utile.fr\/site\/wp-json\/wp\/v2\/media?parent=1144"}],"wp:term":[{"taxonomy":"category","embeddable":true,"href":"https:\/\/velo-utile.fr\/site\/wp-json\/wp\/v2\/categories?post=1144"},{"taxonomy":"post_tag","embeddable":true,"href":"https:\/\/velo-utile.fr\/site\/wp-json\/wp\/v2\/tags?post=1144"}],"curies":[{"name":"wp","href":"https:\/\/api.w.org\/{rel}","templated":true}]}}