{"id":1120,"date":"2018-04-20T18:11:08","date_gmt":"2018-04-20T16:11:08","guid":{"rendered":"https:\/\/velo-utile.fr\/site\/?p=1120"},"modified":"2025-12-15T18:02:48","modified_gmt":"2025-12-15T17:02:48","slug":"revue-de-presse","status":"publish","type":"post","link":"https:\/\/velo-utile.fr\/site\/2018\/04\/revue-de-presse\/","title":{"rendered":"Revue de presse!"},"content":{"rendered":"<p><strong><a href=\"http:\/\/www.flaneur-mag.com\/2018\/04\/15\/saint-brieuc-reenchantent-ville-2\/\"><img loading=\"lazy\" decoding=\"async\" class=\"alignleft size-full wp-image-1122\" src=\"https:\/\/velo-utile.fr\/site\/wp-content\/uploads\/2018\/04\/ArticleLeFlaneurAvril2018-1.jpg\" alt=\"\" width=\"987\" height=\"665\" srcset=\"https:\/\/velo-utile.fr\/site\/wp-content\/uploads\/2018\/04\/ArticleLeFlaneurAvril2018-1.jpg 987w, https:\/\/velo-utile.fr\/site\/wp-content\/uploads\/2018\/04\/ArticleLeFlaneurAvril2018-1-600x404.jpg 600w, https:\/\/velo-utile.fr\/site\/wp-content\/uploads\/2018\/04\/ArticleLeFlaneurAvril2018-1-300x202.jpg 300w, https:\/\/velo-utile.fr\/site\/wp-content\/uploads\/2018\/04\/ArticleLeFlaneurAvril2018-1-768x517.jpg 768w\" sizes=\"auto, (max-width: 987px) 100vw, 987px\" \/><\/a>Saint-Brieuc, Ils r\u00e9enchantent leur ville avec V\u00e9lo-Utile qui donne la \u00ab\u00a0Priorit\u00e9 aux d\u00e9placements doux\u00a0\u00bb<\/strong><br \/>\n<strong>Lire l&rsquo;article sur le site du magazine \u00ab\u00a0Le fl\u00e2neur\u00a0\u00bb, printemps 2018.<\/strong><\/p>\n<blockquote><p>Inlassablement, l\u2019antenne briochine de V\u00e9lo Utile multiplie les actions et les animations sur le territoire afin de sensibiliser le plus grand nombre \u00e0 la pertinence de l\u2019utilisation de la bicyclette en milieu urbain. Promouvoir \u00ab les d\u00e9placements doux et la pratique du v\u00e9lo au quotidien \u00bb : telle est la vocation de cette communaut\u00e9 cyclable, forte de plus de 500 membres.<\/p><\/blockquote>\n<p>Cet endroit a tout du paradis pour les adh\u00e9rents de V\u00e9lo Utile. Ce mercredi, ils sont six ou sept \u00e0 s\u2019activer parmi les v\u00e9los et les outils dans l\u2019atelier de la rue du L\u00e9gu\u00e9. D\u2019habitude, ils sont un peu plus nombreux. \u00ab Nous r\u00e9parons et retapons nos v\u00e9los, indique un des trois Philippe pr\u00e9sents ce soir-l\u00e0. Il y a ici plein de pi\u00e8ces r\u00e9cup\u00e9r\u00e9es \u00e0 droite, \u00e0 gauche. Alors chacun se sert et se d\u00e9brouille. Nous ne vendons rien. Nous donnons juste un coup de main lorsque c\u2019est n\u00e9cessaire. \u00bb L\u2019atelier est le point de rencontre, le centre n\u00e9vralgique de l\u2019association. C\u2019est de l\u00e0 que partent et fusent les id\u00e9es. \u00ab Nos adh\u00e9rents sont tr\u00e8s motiv\u00e9s et aussi tr\u00e8s h\u00e9t\u00e9rog\u00e8nes. Il y a de tout. Des jeunes, des moins jeunes, des gens qui utilisent leur v\u00e9lo tous les jours et d\u2019autres seulement lors des week-ends ou des vacances, note Laurent. Nous n\u2019avons pas de pr\u00e9sident, juste un conseil d\u2019administration. \u00bb Cela ne les emp\u00eache pas de se montrer particuli\u00e8rement actifs dans leur militantisme en faveur de la pratique du v\u00e9lo au quotidien. Tout d\u2019abord, ils ont mis sur pied un original challenge v\u00e9lo-boulot inter-entreprises qui consiste \u00e0 inciter les salari\u00e9s \u00e0 se rendre au travail \u00e0 v\u00e9lo. \u00ab Une fois d\u00e9pass\u00e9 les appr\u00e9hensions, les gens se rendent compte que ce n\u2019est pas si difficile, se r\u00e9jouit Jacques. Il y a m\u00eame dans certaines entreprises une \u00e9mulation entre services. En 2016, l\u2019\u00e9quivalent de St-Brieuc-New-York, par l\u2019est, avait par exemple \u00e9t\u00e9 parcouru. \u00bb D\u2019autre part, sont r\u00e9guli\u00e8rement organis\u00e9es des balades cyclo cont\u00e9es (Les V\u00e9los Taffeurs), des biclou-Garou (balade au clair de lune) ainsi qu\u2019un forum \u00e0 l\u2019IUT. Ce dernier vise surtout \u00e0 faire la promotion du tourisme \u00e0 v\u00e9lo. Si la ville de Saint-Brieuc fait de louables efforts pour ses cyclistes, No\u00ebl, sp\u00e9cialiste des am\u00e9nagements dans l\u2019association, regrette pourtant \u00ab qu\u2019il faille tout le temps se bagarrer \u00bb et que \u00ab les d\u00e9cisions soient si longues \u00e0 \u00eatre prises. Et \u00e7a, c\u2019est usant. \u00bb Celui qui \u00ab hait les ronds points \u00bb se r\u00e9jouit par contre de l\u2019ouverture prochaine d\u2019une voie verte qui m\u00e8nera du Zoopole de Ploufragan au port de L\u00e9gu\u00e9. \u00ab Normalement en mai, voire en septembre au plus tard. \u00bb<\/p>\n","protected":false},"excerpt":{"rendered":"<p>Saint-Brieuc, Ils r\u00e9enchantent leur ville avec V\u00e9lo-Utile qui donne la \u00ab\u00a0Priorit\u00e9 aux d\u00e9placements doux\u00a0\u00bb Lire l&rsquo;article sur le site du magazine \u00ab\u00a0Le fl\u00e2neur\u00a0\u00bb, printemps 2018. Inlassablement, l\u2019antenne briochine de V\u00e9lo Utile multiplie les actions et les animations sur le territoire<\/p>\n","protected":false},"author":22,"featured_media":1122,"comment_status":"closed","ping_status":"closed","sticky":false,"template":"","format":"standard","meta":{"footnotes":""},"categories":[71],"tags":[],"class_list":["post-1120","post","type-post","status-publish","format-standard","has-post-thumbnail","hentry","category-presse"],"_links":{"self":[{"href":"https:\/\/velo-utile.fr\/site\/wp-json\/wp\/v2\/posts\/1120","targetHints":{"allow":["GET"]}}],"collection":[{"href":"https:\/\/velo-utile.fr\/site\/wp-json\/wp\/v2\/posts"}],"about":[{"href":"https:\/\/velo-utile.fr\/site\/wp-json\/wp\/v2\/types\/post"}],"author":[{"embeddable":true,"href":"https:\/\/velo-utile.fr\/site\/wp-json\/wp\/v2\/users\/22"}],"replies":[{"embeddable":true,"href":"https:\/\/velo-utile.fr\/site\/wp-json\/wp\/v2\/comments?post=1120"}],"version-history":[{"count":3,"href":"https:\/\/velo-utile.fr\/site\/wp-json\/wp\/v2\/posts\/1120\/revisions"}],"predecessor-version":[{"id":1126,"href":"https:\/\/velo-utile.fr\/site\/wp-json\/wp\/v2\/posts\/1120\/revisions\/1126"}],"wp:featuredmedia":[{"embeddable":true,"href":"https:\/\/velo-utile.fr\/site\/wp-json\/wp\/v2\/media\/1122"}],"wp:attachment":[{"href":"https:\/\/velo-utile.fr\/site\/wp-json\/wp\/v2\/media?parent=1120"}],"wp:term":[{"taxonomy":"category","embeddable":true,"href":"https:\/\/velo-utile.fr\/site\/wp-json\/wp\/v2\/categories?post=1120"},{"taxonomy":"post_tag","embeddable":true,"href":"https:\/\/velo-utile.fr\/site\/wp-json\/wp\/v2\/tags?post=1120"}],"curies":[{"name":"wp","href":"https:\/\/api.w.org\/{rel}","templated":true}]}}