{"id":100,"date":"2014-03-17T16:56:00","date_gmt":"2014-03-17T16:56:00","guid":{"rendered":"http:\/\/velo-utile.fr\/blog02\/index.php\/2014\/03\/17\/20140317point-d-etape-atelier\/"},"modified":"2026-01-06T10:33:51","modified_gmt":"2026-01-06T09:33:51","slug":"20140317point-d-etape-atelier","status":"publish","type":"post","link":"https:\/\/velo-utile.fr\/site\/2014\/03\/20140317point-d-etape-atelier\/","title":{"rendered":"19 mars, point d&rsquo;\u00e9tape atelier"},"content":{"rendered":"\n<p>Si vous \u00eates dispo, nous pourrions nous retrouver mercredi soir pour un petit ap\u00e9ro point d&rsquo;\u00e9tape \u00e0 l&rsquo;atelier. <\/p>\n\n\n\n<figure class=\"wp-block-image aligncenter size-full\"><img loading=\"lazy\" decoding=\"async\" width=\"300\" height=\"174\" src=\"https:\/\/velo-utile.fr\/site\/wp-content\/uploads\/import\/ATELIER.jpg\" alt=\"\" class=\"wp-image-298\"\/><\/figure>\n\n\n\n<!--more-->\n\n\n\n<p>On fait le point des derniers bricolages a faire, on commence a r\u00e9fl\u00e9chir au fonctionnement<\/p>\n","protected":false},"excerpt":{"rendered":"<p>Si vous etes dispo, nous pourrions nous retrouver mercredi soir pour un petit ap\u00e9ro point d&rsquo;\u00e9tape \u00e0 l&rsquo;atelier. On fait le point des derniers bricolages a faire, on commence a r\u00e9fl\u00e9chir au fonctionnement<\/p>\n","protected":false},"author":4,"featured_media":0,"comment_status":"closed","ping_status":"closed","sticky":false,"template":"","format":"standard","meta":{"footnotes":""},"categories":[1],"tags":[],"class_list":["post-100","post","type-post","status-publish","format-standard","hentry","category-non-classe"],"_links":{"self":[{"href":"https:\/\/velo-utile.fr\/site\/wp-json\/wp\/v2\/posts\/100","targetHints":{"allow":["GET"]}}],"collection":[{"href":"https:\/\/velo-utile.fr\/site\/wp-json\/wp\/v2\/posts"}],"about":[{"href":"https:\/\/velo-utile.fr\/site\/wp-json\/wp\/v2\/types\/post"}],"author":[{"embeddable":true,"href":"https:\/\/velo-utile.fr\/site\/wp-json\/wp\/v2\/users\/4"}],"replies":[{"embeddable":true,"href":"https:\/\/velo-utile.fr\/site\/wp-json\/wp\/v2\/comments?post=100"}],"version-history":[{"count":1,"href":"https:\/\/velo-utile.fr\/site\/wp-json\/wp\/v2\/posts\/100\/revisions"}],"predecessor-version":[{"id":6388,"href":"https:\/\/velo-utile.fr\/site\/wp-json\/wp\/v2\/posts\/100\/revisions\/6388"}],"wp:attachment":[{"href":"https:\/\/velo-utile.fr\/site\/wp-json\/wp\/v2\/media?parent=100"}],"wp:term":[{"taxonomy":"category","embeddable":true,"href":"https:\/\/velo-utile.fr\/site\/wp-json\/wp\/v2\/categories?post=100"},{"taxonomy":"post_tag","embeddable":true,"href":"https:\/\/velo-utile.fr\/site\/wp-json\/wp\/v2\/tags?post=100"}],"curies":[{"name":"wp","href":"https:\/\/api.w.org\/{rel}","templated":true}]}}